{"id":4926,"date":"2025-09-22T13:10:18","date_gmt":"2025-09-22T11:10:18","guid":{"rendered":"https:\/\/adn56.net\/blog\/?p=4926"},"modified":"2025-09-24T08:12:53","modified_gmt":"2025-09-24T06:12:53","slug":"compte-rendu-de-lassemblee-generale-du-21-septembre-2025","status":"publish","type":"post","link":"https:\/\/adn56.net\/blog\/index.php\/2025\/09\/22\/compte-rendu-de-lassemblee-generale-du-21-septembre-2025\/","title":{"rendered":"Compte rendu de l&rsquo;assembl\u00e9e g\u00e9n\u00e9rale du 21 septembre 2025"},"content":{"rendered":"<p>Une soixantaine d&rsquo;adh\u00e9rents \u00e9taient pr\u00e9sents ou repr\u00e9sent\u00e9s \u00e0 l&rsquo;assembl\u00e9e g\u00e9n\u00e9rale de l\u2019Universit\u00e9 populaire du num\u00e9rique de Damgan qui s\u2019est tenue dimanche 21 septembre \u00e0 la Maison des Damganais.<\/p>\n<p>Cette AG a commenc\u00e9 par un hommage \u00e0 <a href=\"https:\/\/adn56.net\/blog\/index.php\/2025\/05\/25\/remy\/\" target=\"_blank\" rel=\"noopener\">notre ami R\u00e9my Denoual,<\/a> un des fondateurs et piliers de l&rsquo;association, d\u00e9c\u00e9d\u00e9 en mai dernier.<\/p>\n<p>Depuis septembre 2016, l\u2019association s\u2019attache \u00e0 <em>\u00ab\u00a0promouvoir l\u2019\u00e9ducation dans tous les domaines du num\u00e9rique. Elle est ouverte aux personnes de tous les \u00e2ges et de tous les niveaux. L\u2019objectif est le partage et l\u2019entraide, la mise en relation au niveau local de ceux qui ont besoin d\u2019aide ou veulent apprendre, avec ceux qui peuvent aider, enseigner. \u00bb<\/em> Et les besoins sont immenses : plus d\u2019un usager sur trois manque de comp\u00e9tences num\u00e9riques de base (<a href=\"https:\/\/www.insee.fr\/fr\/statistiques\/7633654\" target=\"_blank\" rel=\"noopener\">source : Insee)<\/a>, Selon le <a href=\"https:\/\/www.arcep.fr\/uploads\/tx_gspublication\/barometre-du-numerique_edition_2025_RAPPORT_mars2025.pdf\" target=\"_blank\" rel=\"noopener\">Barom\u00e8tre du num\u00e9rique mars 2025<\/a>, une tr\u00e8s large majorit\u00e9 des non-dipl\u00f4m\u00e9s d\u00e9clare que le num\u00e9rique n\u2019a pas d\u2019effet ou complique leur vie quotidienne (59 %). Il n\u2019est donc pas \u00e9tonnant que plus de 348 personnes nous ont rejoints depuis 2016, dont 28 % des communes voisines de Damgan.<\/p>\n<p>Le succ\u00e8s de la conf\u00e9rence sur l&rsquo;intelligence artificielle avec C\u00e9dric Villani ( 350 participants, 128 000 vues sur <a href=\"https:\/\/www.youtube.com\/watch?v=lASY63CLdSE\" target=\"_blank\" rel=\"noopener\">YouTube<\/a>) a \u00e9largi notre audience puisque nous avons termin\u00e9 l&rsquo;ann\u00e9e avec 167 adh\u00e9rents, un chiffre in\u00e9gal\u00e9.<\/p>\n<p>52 <strong>troquets num\u00e9riques<\/strong> ont \u00e9t\u00e9 organis\u00e9s cette ann\u00e9e, y compris pendant les vacances d\u2019\u00e9t\u00e9, avec 560 participants (+ 25 % que l&rsquo;an pass\u00e9) : ils ont permis de soigner des \u00ab bobos informatiques \u00bb et d\u2019aider ponctuellement ceux qui en avaient besoin, gr\u00e2ce aux \u00ab aidants \u00bb. Ils sont ouverts \u00e0 tous, adh\u00e9rents ou pas, chaque mercredi \u00e0 17 h \u00e0 la Rotonde.<\/p>\n<p>La fr\u00e9quentation des 35 a<strong>teliers th\u00e9matiques<\/strong> est en l\u00e9g\u00e8re baisse (243 participants). Pour y rem\u00e9dier, plusieurs propositions ont \u00e9t\u00e9 abord\u00e9es : les adh\u00e9rents pourront indiquer leurs cr\u00e9neaux horaires favoris gr\u00e2ce \u00e0 un nouvel outil \u00e0 leur disposition, nous allons faire un essai d&rsquo;envoi de sms pour le programme de chaque semaine.<\/p>\n<p>En plus des sujets classiques que nous reprenons chaque ann\u00e9e (comme : clavier, souris, les bases\u202f; g\u00e9rer ses mots de passe\u202f; nettoyer son ordinateur, trier ses photos, d\u00e9couvrir l&rsquo;IA), de nouveaux th\u00e8mes seront abord\u00e9s pour les d\u00e9butants ou pour les plus confirm\u00e9s : la sant\u00e9 connect\u00e9e (ameli, Doctolib, mon espace Sant\u00e9, etc), \u00ab\u00a0s\u2019il m\u2019arrive quelque chose ?\u201d, \u00e9viter les arnaques sur internet, d\u00e9couvrir la domotique, construire un capteur de CO2. Une attention particuli\u00e8re sera consacr\u00e9e aux smartphones et aux tablettes dont l\u2019usage est croissant.<\/p>\n<p>Pour f\u00eater les dix ans de l\u2019association\u00a0 en septembre 2026, \u00a0un groupe de travail va \u00eatre charg\u00e9 de pr\u00e9parer cet \u00e9v\u00e8nement.<\/p>\n<p>Il a \u00e9t\u00e9 aussi question de l&rsquo;arriv\u00e9e de la <strong>fibre optique<\/strong>. Interrog\u00e9 par nos soins, M\u00e9galis, l&rsquo;organisme qui g\u00e8re ce dossier en Bretagne nous a indiqu\u00e9 que la commercialisation d\u00e9butera au mieux en toute fin d\u2019ann\u00e9e dans les secteurs qui ne l&rsquo;ont pas encore<em>. <\/em>(Voir les cartes sur notre diaporama). Encore un peu de patience \ud83d\ude09<\/p>\n<p>Pour \u00e9changer entre adh\u00e9rents et diffuser l\u2019information, nous disposons de plusieurs outils en ligne\u00a0: le <a href=\"https:\/\/discord.com\/channels\/890989205877059614\/890989205877059622\" target=\"_blank\" rel=\"noopener\">serveur Discord<\/a>, la newsletter envoy\u00e9e chaque semaine, le <a href=\"https:\/\/adn56.net\/blog\/\" target=\"_blank\" rel=\"noopener\">blog<\/a>, notre <a href=\"https:\/\/adn56.net\/wiki\/\" target=\"_blank\" rel=\"noopener\">wiki<\/a> et l\u2019espace adh\u00e9rents. Sans oublier notre adresse mail <a href=\"mailto:contact@adn56.net\" target=\"_blank\" rel=\"noopener\">contact@adn56.net<\/a> et notre t\u00e9l\u00e9phone\u00a0: 07 69 38 17 87.<\/p>\n<p>L\u2019assembl\u00e9e g\u00e9n\u00e9rale a d\u00e9cid\u00e9 de maintenir les cotisations \u00e0 15 \u20ac. Les rapports d\u2019activit\u00e9 et financiers ont \u00e9t\u00e9 adopt\u00e9s.<br \/>\nLe bureau a \u00e9t\u00e9 \u00e9lu : il est compos\u00e9 par ordre alphab\u00e9tique de : Pierre Bleiberg, Jean-Pierre Castello, J\u00e9r\u00f4me Choain, Albert Clequin, Jean Huet, Daniel Lafay, Sylvaine Le Torriellec. Et d&rsquo;un nouveau membre, Cyril Guiguian.<\/p>\n<p>Et bien s\u00fbr, les discussions se sont poursuivies dans la bonne humeur autour d\u2019un verre bien m\u00e9rit\u00e9\ud83d\ude00<\/p>\n<p><strong>Pour en savoir davantage : <\/strong><\/p>\n<ul>\n<li>Le diaporama pr\u00e9sent\u00e9 \u00e0 l\u2019assembl\u00e9e g\u00e9n\u00e9rale avec notamment la synth\u00e8se des documents financiers (faire d\u00e9filer le diaporama avec la barre d\u2019espace) : <a href=\"https:\/\/md.picasoft.net\/p\/s-R--c0b9#\/\" target=\"_blank\" rel=\"noopener\">https:\/\/md.picasoft.net\/p\/s-R&#8211;c0b9#\/<\/a><\/li>\n<li>Quelques photos de l\u2019assembl\u00e9e g\u00e9n\u00e9rale <a href=\"https:\/\/flic.kr\/s\/aHBqjCv2aN\" target=\"_blank\" rel=\"noopener\">avec ce lien<\/a><\/li>\n<li>Un lien pour adh\u00e9rer et payer sa cotisation : <a href=\"https:\/\/adn56.net\/blog\/index.php\/adhesion\/\" target=\"_blank\" rel=\"noreferrer noopener\">https:\/\/adn56.net\/blog\/index.php\/adhesion\/<\/a><\/li>\n<li>La version num\u00e9rique de <a href=\"https:\/\/www.ouest-france.fr\/bretagne\/damgan-56750\/ils-souhaitent-rendre-le-numerique-a-la-portee-de-tous-01d266fe-0dda-4bee-a3ec-ccdeda3a4050\" target=\"_blank\" rel=\"noopener\">l&rsquo;article de Ouest France<\/a>. Une version image <a href=\"https:\/\/adn56.net\/blog\/wp-content\/uploads\/2025\/09\/Screenshot-2025-09-22-at-18-55-03-Damgan.-Ils-souhaitent-rendre-le-numerique-a-la-portee-de-tous--e1758560313358.png\" target=\"_blank\" rel=\"noopener\">de cet article<\/a>.<\/li>\n<li><a href=\"https:\/\/adn56.net\/blog\/wp-content\/uploads\/2025\/09\/Telegramme23092025.jpg\" target=\"_blank\" rel=\"noopener\">L&rsquo;article du T\u00e9l\u00e9gramme<\/a> du 23\/09\/2025<\/li>\n<\/ul>\n<p>&nbsp;<\/p>\n<p>&nbsp;<\/p>\n","protected":false},"excerpt":{"rendered":"<p>Une soixantaine d&rsquo;adh\u00e9rents \u00e9taient pr\u00e9sents ou repr\u00e9sent\u00e9s \u00e0 l&rsquo;assembl\u00e9e g\u00e9n\u00e9rale de l\u2019Universit\u00e9 populaire du num\u00e9rique de Damgan qui s\u2019est tenue dimanche 21 septembre \u00e0 la Maison des Damganais. Cette AG a commenc\u00e9 par un hommage \u00e0 notre ami R\u00e9my Denoual, un des fondateurs et piliers de l&rsquo;association, d\u00e9c\u00e9d\u00e9 en mai &hellip;<\/p>\n","protected":false},"author":2,"featured_media":4928,"comment_status":"open","ping_status":"open","sticky":false,"template":"","format":"standard","meta":{"jetpack_post_was_ever_published":false,"_jetpack_newsletter_access":"","_jetpack_dont_email_post_to_subs":false,"_jetpack_newsletter_tier_id":0,"_jetpack_memberships_contains_paywalled_content":false,"_jetpack_memberships_contains_paid_content":false,"footnotes":"","jetpack_publicize_message":"","jetpack_publicize_feature_enabled":true,"jetpack_social_post_already_shared":true,"jetpack_social_options":{"image_generator_settings":{"template":"highway","enabled":false},"version":2}},"categories":[11,8,2],"tags":[],"class_list":["post-4926","post","type-post","status-publish","format-standard","has-post-thumbnail","hentry","category-compte-rendu","category-revue-de-presse","category-vie-de-lassociation"],"jetpack_publicize_connections":[],"jetpack_featured_media_url":"https:\/\/adn56.net\/blog\/wp-content\/uploads\/2025\/09\/20250921_102618-1-e1758523430712.jpg","jetpack_sharing_enabled":true,"jetpack_shortlink":"https:\/\/wp.me\/p82yvs-1hs","_links":{"self":[{"href":"https:\/\/adn56.net\/blog\/index.php\/wp-json\/wp\/v2\/posts\/4926","targetHints":{"allow":["GET"]}}],"collection":[{"href":"https:\/\/adn56.net\/blog\/index.php\/wp-json\/wp\/v2\/posts"}],"about":[{"href":"https:\/\/adn56.net\/blog\/index.php\/wp-json\/wp\/v2\/types\/post"}],"author":[{"embeddable":true,"href":"https:\/\/adn56.net\/blog\/index.php\/wp-json\/wp\/v2\/users\/2"}],"replies":[{"embeddable":true,"href":"https:\/\/adn56.net\/blog\/index.php\/wp-json\/wp\/v2\/comments?post=4926"}],"version-history":[{"count":8,"href":"https:\/\/adn56.net\/blog\/index.php\/wp-json\/wp\/v2\/posts\/4926\/revisions"}],"predecessor-version":[{"id":4947,"href":"https:\/\/adn56.net\/blog\/index.php\/wp-json\/wp\/v2\/posts\/4926\/revisions\/4947"}],"wp:featuredmedia":[{"embeddable":true,"href":"https:\/\/adn56.net\/blog\/index.php\/wp-json\/wp\/v2\/media\/4928"}],"wp:attachment":[{"href":"https:\/\/adn56.net\/blog\/index.php\/wp-json\/wp\/v2\/media?parent=4926"}],"wp:term":[{"taxonomy":"category","embeddable":true,"href":"https:\/\/adn56.net\/blog\/index.php\/wp-json\/wp\/v2\/categories?post=4926"},{"taxonomy":"post_tag","embeddable":true,"href":"https:\/\/adn56.net\/blog\/index.php\/wp-json\/wp\/v2\/tags?post=4926"}],"curies":[{"name":"wp","href":"https:\/\/api.w.org\/{rel}","templated":true}]}}