{"id":1058,"date":"2018-06-09T17:03:30","date_gmt":"2018-06-09T15:03:30","guid":{"rendered":"https:\/\/adn56.net\/blog\/?p=1058"},"modified":"2018-06-11T15:29:01","modified_gmt":"2018-06-11T13:29:01","slug":"reecouter-la-conference-rgpd-du-7-juin-2018","status":"publish","type":"post","link":"https:\/\/adn56.net\/blog\/index.php\/2018\/06\/09\/reecouter-la-conference-rgpd-du-7-juin-2018\/","title":{"rendered":"R\u00e9\u00e9couter la conf\u00e9rence RGPD du 7 juin 2018"},"content":{"rendered":"<p>Vous trouverez ci-dessous des enregistrements sonores de la conf\u00e9rence sur le RGPD pr\u00e9sent\u00e9e par Claude Renou, avec le concours de Pierre et votre serviteur. Vous pourrez \u00e9galement \u00e9couter les discussions qui s&rsquo;en sont suivies, notamment autour de son application concr\u00e8te pour les citoyens et les petites associations.<\/p>\n<p>Nous rappelons que nous ne sommes ni juristes ni experts, l&rsquo;id\u00e9e \u00e9tait de travailler les grandes lignes et de d\u00e9grossir ensemble le sujet. En fin de conf\u00e9rence nous avons vu comment nous abordions notre mise en conformit\u00e9 pour l&rsquo;Universit\u00e9 Populaire du Num\u00e9rique de Damgan.<\/p>\n<p>Pardon pour la m\u00e9diocre qualit\u00e9 du son.<\/p>\n<h2>Introduction<\/h2>\n<p>Une introduction par Pierre Bleiberg<\/p>\n<!--[if lt IE 9]><script>document.createElement('audio');<\/script><![endif]-->\n<audio class=\"wp-audio-shortcode\" id=\"audio-1058-1\" preload=\"none\" style=\"width: 100%;\" controls=\"controls\"><source type=\"audio\/mpeg\" src=\"https:\/\/adn56.net\/publicdocs\/rgpd\/intro-pierre.mp3?_=1\" \/><a href=\"https:\/\/adn56.net\/publicdocs\/rgpd\/intro-pierre.mp3\">https:\/\/adn56.net\/publicdocs\/rgpd\/intro-pierre.mp3<\/a><\/audio>\n<h2>Pr\u00e9sentation du RGPD<\/h2>\n<p>Claude pr\u00e9sente le RGPD, ses principes, ses exigences, son int\u00e9r\u00eat pour la protection des donn\u00e9es de chaque citoyen.<\/p>\n<audio class=\"wp-audio-shortcode\" id=\"audio-1058-2\" preload=\"none\" style=\"width: 100%;\" controls=\"controls\"><source type=\"audio\/mpeg\" src=\"https:\/\/adn56.net\/publicdocs\/rgpd\/claude-part1.mp3?_=2\" \/><a href=\"https:\/\/adn56.net\/publicdocs\/rgpd\/claude-part1.mp3\">https:\/\/adn56.net\/publicdocs\/rgpd\/claude-part1.mp3<\/a><\/audio>\n<p>Au terme de cette premi\u00e8re partie, Claude nous a propos\u00e9 de visionner cette vid\u00e9o qui permet de comprendre en quoi l&rsquo;utilisation de ces donn\u00e9es personnelles a un impact majeur sur nos vies jusqu&rsquo;\u00e0 fortement influencer le r\u00e9sultat d&rsquo;\u00e9lections majeures \u00e0 travers le monde.<\/p>\n<p><iframe loading=\"lazy\" title=\"Comment Facebook peut influencer le r\u00e9sultat d&#039;une \u00e9lection\" width=\"386\" height=\"217\" src=\"https:\/\/www.youtube.com\/embed\/AHn2rSGSKKY?feature=oembed\" frameborder=\"0\" allow=\"accelerometer; autoplay; clipboard-write; encrypted-media; gyroscope; picture-in-picture; web-share\" referrerpolicy=\"strict-origin-when-cross-origin\" allowfullscreen><\/iframe><\/p>\n<h2>Discussions<\/h2>\n<p>Nous avons ensuite \u00e9chang\u00e9, pas mal de questions et de r\u00e9flexions sur l&rsquo;impact au quotidien de cette nouvelle r\u00e9glementation.<\/p>\n<audio class=\"wp-audio-shortcode\" id=\"audio-1058-3\" preload=\"none\" style=\"width: 100%;\" controls=\"controls\"><source type=\"audio\/mpeg\" src=\"https:\/\/adn56.net\/publicdocs\/rgpd\/partie2.mp3?_=3\" \/><a href=\"https:\/\/adn56.net\/publicdocs\/rgpd\/partie2.mp3\">https:\/\/adn56.net\/publicdocs\/rgpd\/partie2.mp3<\/a><\/audio>\n<h2>Un cas concret : adn56.net<\/h2>\n<p>J&rsquo;ai ensuite pr\u00e9sent\u00e9 rapidement ce que nous avons commenc\u00e9 \u00e0 faire pour nous mettre en conformit\u00e9. Encore une fois, aucune pr\u00e9tention \u00e0 la totale pertinence et \u00e0 l&rsquo;exemplarit\u00e9 mais pour \u00e7a donne une id\u00e9e de notre approche. Je parle beaucoup de notre nouvelle page qui d\u00e9finit notre politique en la mati\u00e8re, <a href=\"https:\/\/adn56.net\/rgpd.php\">cette page est disponible ici<\/a>.<\/p>\n<audio class=\"wp-audio-shortcode\" id=\"audio-1058-4\" preload=\"none\" style=\"width: 100%;\" controls=\"controls\"><source type=\"audio\/mpeg\" src=\"https:\/\/adn56.net\/publicdocs\/rgpd\/adncase.mp3?_=4\" \/><a href=\"https:\/\/adn56.net\/publicdocs\/rgpd\/adncase.mp3\">https:\/\/adn56.net\/publicdocs\/rgpd\/adncase.mp3<\/a><\/audio>\n<h2>Liens utiles<\/h2>\n<p>Des liens propos\u00e9s par Claude qui ont pu \u00eatre \u00e9voqu\u00e9s pendant la conf\u00e9rence<\/p>\n<ul>\n<li><a href=\"https:\/\/www.cnil.fr\/sites\/default\/files\/atoms\/files\/pdf_6_etapes_interactifv2.pdf\">Le Guide en six \u00e9tapes de la Commission nationale informatique et libert\u00e9<\/a> (Cnil) (PDF)<\/li>\n<li>Quadrature du net : <a href=\"https:\/\/gafam.laquadrature.net\/\">action de groupe contre les Gafam<\/a><\/li>\n<li><a href=\"https:\/\/www.lemonde.fr\/pixels\/video\/2018\/04\/14\/comment-facebook-peut-il-influencer-le-resultat-d-une-election_5285587_4408996.html\">Comment Facebook peut changer le r\u00e9sultat d&rsquo;une \u00e9lection<\/a>, vid\u00e9o Le Monde<\/li>\n<li>Le Monde, 8 mai 2018, <a href=\"https:\/\/www.lemonde.fr\/pixels\/article\/2018\/05\/08\/rgpd-ce-qui-change-pour-les-particuliers_5295808_4408996.html\">RGPD, ce qui change pour les particuliers, par Martin Untersinger<\/a><\/li>\n<li>Service payant pour les associations : <a href=\"https:\/\/www.assoconnect.com\/articles\/22226-rgpd-ce-que-ca-change-pour-les-associations\">Assoconnect<\/a><\/li>\n<li>France info, 25 mars 2018 : <a href=\"https:\/\/www.francetvinfo.fr\/internet\/reseaux-sociaux\/facebook\/publicite-propagande-a-quoi-servent-les-donnees-personnelles-que-vous-confiez-a-facebook_2669022.html\">Publicit\u00e9, propagande&#8230; A quoi servent les donn\u00e9es personnelles que vous confiez \u00e0 Facebook ?, par Marie-Violette Bernard<\/a><\/li>\n<li>Lib\u00e9ration, 27 avril 2018, Amaelle Guiton : <a href=\"http:\/\/www.liberation.fr\/france\/2018\/04\/27\/donnees-privees-des-mises-a-jour-et-des-zones-d-ombre_1646463\">Donn\u00e9es priv\u00e9es : des mises \u00e0 jour et des zones d\u2019ombre<\/a><\/li>\n<li>Blog Pixels h\u00e9berg\u00e9 par Le Monde, 4 avril 2018 : <a href=\"https:\/\/www.lemonde.fr\/pixels\/article\/2018\/04\/04\/facebook-annonce-une-clarification-de-ses-regles-sur-les-donnees-personnelles_5280694_4408996.html\">Facebook annonce une clarification de ses r\u00e8gles sur les donn\u00e9es personnelles<\/a><\/li>\n<li>Marianne, <a href=\"https:\/\/www.marianne.net\/societe\/nouvelles-regles-de-confidentialite-les-petits-arrangements-de-facebook\">Les Petits Arrangements de Facebook<\/a>, par Alexandra Saviana, 23 avril 2018<\/li>\n<\/ul>\n<hr \/>\n<p>PS : on a plusieurs fois \u00e9voqu\u00e9 le scandale Cambridge Analytica\/Facebook, j&rsquo;ajoute une vid\u00e9o qui explique en quelques minutes ce qui s&rsquo;est pass\u00e9 :<\/p>\n<p><iframe loading=\"lazy\" title=\"Affaire Cambridge Analytica : pourquoi c\u2019est grave pour Facebook et ses utilisateurs\" width=\"386\" height=\"217\" src=\"https:\/\/www.youtube.com\/embed\/KZI9PRg32Pg?feature=oembed\" frameborder=\"0\" allow=\"accelerometer; autoplay; clipboard-write; encrypted-media; gyroscope; picture-in-picture; web-share\" referrerpolicy=\"strict-origin-when-cross-origin\" allowfullscreen><\/iframe><\/p>\n<p>Ajout\u00e9 le 11\/6\/2018. La revue de presse de notre r\u00e9union : <a href=\"https:\/\/www.ouest-france.fr\/bretagne\/damgan-56750\/donnees-personnelles-la-derniere-directive-expliquee-5815769\" target=\"_blank\" rel=\"noopener\">Ouest France<\/a> du 9 juin 2018.<\/p>\n","protected":false},"excerpt":{"rendered":"<p>Vous trouverez ci-dessous des enregistrements sonores de la conf\u00e9rence sur le RGPD pr\u00e9sent\u00e9e par Claude Renou, avec le concours de Pierre et votre serviteur. Vous pourrez \u00e9galement \u00e9couter les discussions qui s&rsquo;en sont suivies, notamment autour de son application concr\u00e8te pour les citoyens et les petites associations. Nous rappelons que &hellip;<\/p>\n","protected":false},"author":1,"featured_media":1061,"comment_status":"open","ping_status":"open","sticky":false,"template":"","format":"standard","meta":{"jetpack_post_was_ever_published":false,"_jetpack_newsletter_access":"","_jetpack_dont_email_post_to_subs":false,"_jetpack_newsletter_tier_id":0,"_jetpack_memberships_contains_paywalled_content":false,"_jetpack_memberships_contains_paid_content":false,"footnotes":"","jetpack_publicize_message":"","jetpack_publicize_feature_enabled":true,"jetpack_social_post_already_shared":true,"jetpack_social_options":{"image_generator_settings":{"template":"highway","enabled":false},"version":2}},"categories":[11,10],"tags":[22],"class_list":["post-1058","post","type-post","status-publish","format-standard","has-post-thumbnail","hentry","category-compte-rendu","category-conferences","tag-rgpd"],"jetpack_publicize_connections":[],"jetpack_featured_media_url":"https:\/\/adn56.net\/blog\/wp-content\/uploads\/2018\/06\/rgpd-conf.jpg","jetpack_sharing_enabled":true,"jetpack_shortlink":"https:\/\/wp.me\/p82yvs-h4","_links":{"self":[{"href":"https:\/\/adn56.net\/blog\/index.php\/wp-json\/wp\/v2\/posts\/1058","targetHints":{"allow":["GET"]}}],"collection":[{"href":"https:\/\/adn56.net\/blog\/index.php\/wp-json\/wp\/v2\/posts"}],"about":[{"href":"https:\/\/adn56.net\/blog\/index.php\/wp-json\/wp\/v2\/types\/post"}],"author":[{"embeddable":true,"href":"https:\/\/adn56.net\/blog\/index.php\/wp-json\/wp\/v2\/users\/1"}],"replies":[{"embeddable":true,"href":"https:\/\/adn56.net\/blog\/index.php\/wp-json\/wp\/v2\/comments?post=1058"}],"version-history":[{"count":7,"href":"https:\/\/adn56.net\/blog\/index.php\/wp-json\/wp\/v2\/posts\/1058\/revisions"}],"predecessor-version":[{"id":1066,"href":"https:\/\/adn56.net\/blog\/index.php\/wp-json\/wp\/v2\/posts\/1058\/revisions\/1066"}],"wp:featuredmedia":[{"embeddable":true,"href":"https:\/\/adn56.net\/blog\/index.php\/wp-json\/wp\/v2\/media\/1061"}],"wp:attachment":[{"href":"https:\/\/adn56.net\/blog\/index.php\/wp-json\/wp\/v2\/media?parent=1058"}],"wp:term":[{"taxonomy":"category","embeddable":true,"href":"https:\/\/adn56.net\/blog\/index.php\/wp-json\/wp\/v2\/categories?post=1058"},{"taxonomy":"post_tag","embeddable":true,"href":"https:\/\/adn56.net\/blog\/index.php\/wp-json\/wp\/v2\/tags?post=1058"}],"curies":[{"name":"wp","href":"https:\/\/api.w.org\/{rel}","templated":true}]}}